{"id":4774,"date":"2024-09-01T11:33:42","date_gmt":"2024-09-01T09:33:42","guid":{"rendered":"https:\/\/gestespoctefa.eu\/encuesta-a-los-recolectores-para-conocer-las-plantas-que-se-comercializan-en-la-zona-poctefa\/"},"modified":"2024-10-21T11:48:33","modified_gmt":"2024-10-21T09:48:33","slug":"enquesta-als-recol%c2%b7lectors-per-coneixer-les-plantes-que-es-comercialitzen-a-la-zona-poctefa","status":"publish","type":"post","link":"https:\/\/gestespoctefa.eu\/ca\/enquesta-als-recol%c2%b7lectors-per-coneixer-les-plantes-que-es-comercialitzen-a-la-zona-poctefa\/","title":{"rendered":"Enquesta als recol\u00b7lectors per con\u00e8ixer les plantes que es comercialitzen a la zona POCTEFA"},"content":{"rendered":"<p>GESTES continua avan\u00e7ant. Un dels primers objectius que busquen els investigadors d&#8217;aquest projecte \u00e9s con\u00e8ixer les plantes silvestres que es recol\u00b7lecten, a banda i banda del Pirineu a la zona de POCTEFA, per a la seva comercialitzaci\u00f3.<\/p>\n<p>Per aix\u00f2, cada soci ha llan\u00e7at una enquesta al seu territori a les persones recol\u00b7lectores o el seu entorn, ja que es considera que aquestes persones s\u00f3n les que millor coneixen la realitat d&#8217;aquests recursos vegetals.<\/p>\n<p>Algunes de les preguntes a les quals han de respondre s\u00f3n si realitzen tasques de recol\u00b7lecci\u00f3 de forma professional o casual, si realitzen recol\u00b7lecci\u00f3 artesanal o per a la ind\u00fastria, quines s\u00f3n les esp\u00e8cies i parts que solen recol\u00b7lectar, els territoris en els quals es desenvolupa aquesta activitat o l&#8217;\u00fas que se&#8217;ls d\u00f3na a les plantes obtingudes.<\/p>\n<p>L&#8217;enquesta s&#8217;ha donat a con\u00e8ixer a trav\u00e9s de les xarxes socials dels socis i estar\u00e0 en activa fins a 1r de mar\u00e7 de 2025.<\/p>\n<p>Amb totes les dades recopilades, es podr\u00e0 comen\u00e7ar a analitzar resultats a partir del 2025.<\/p>\n","protected":false},"excerpt":{"rendered":"<p>GESTES continua avan\u00e7ant. Un dels primers objectius que busquen els investigadors d&#8217;aquest projecte \u00e9s con\u00e8ixer les plantes silvestres que es recol\u00b7lecten, a banda i banda del Pirineu a la zona de POCTEFA, per a la seva comercialitzaci\u00f3. Per aix\u00f2, cada soci ha llan\u00e7at una enquesta al seu territori a les persones recol\u00b7lectores o el seu&hellip;<\/p>\n","protected":false},"author":1,"featured_media":4769,"comment_status":"closed","ping_status":"closed","sticky":false,"template":"","format":"standard","meta":{"footnotes":""},"categories":[74],"tags":[],"class_list":["post-4774","post","type-post","status-publish","format-standard","has-post-thumbnail","hentry","category-noticies","category-74","description-off"],"_links":{"self":[{"href":"https:\/\/gestespoctefa.eu\/ca\/wp-json\/wp\/v2\/posts\/4774","targetHints":{"allow":["GET"]}}],"collection":[{"href":"https:\/\/gestespoctefa.eu\/ca\/wp-json\/wp\/v2\/posts"}],"about":[{"href":"https:\/\/gestespoctefa.eu\/ca\/wp-json\/wp\/v2\/types\/post"}],"author":[{"embeddable":true,"href":"https:\/\/gestespoctefa.eu\/ca\/wp-json\/wp\/v2\/users\/1"}],"replies":[{"embeddable":true,"href":"https:\/\/gestespoctefa.eu\/ca\/wp-json\/wp\/v2\/comments?post=4774"}],"version-history":[{"count":2,"href":"https:\/\/gestespoctefa.eu\/ca\/wp-json\/wp\/v2\/posts\/4774\/revisions"}],"predecessor-version":[{"id":4779,"href":"https:\/\/gestespoctefa.eu\/ca\/wp-json\/wp\/v2\/posts\/4774\/revisions\/4779"}],"wp:featuredmedia":[{"embeddable":true,"href":"https:\/\/gestespoctefa.eu\/ca\/wp-json\/wp\/v2\/media\/4769"}],"wp:attachment":[{"href":"https:\/\/gestespoctefa.eu\/ca\/wp-json\/wp\/v2\/media?parent=4774"}],"wp:term":[{"taxonomy":"category","embeddable":true,"href":"https:\/\/gestespoctefa.eu\/ca\/wp-json\/wp\/v2\/categories?post=4774"},{"taxonomy":"post_tag","embeddable":true,"href":"https:\/\/gestespoctefa.eu\/ca\/wp-json\/wp\/v2\/tags?post=4774"}],"curies":[{"name":"wp","href":"https:\/\/api.w.org\/{rel}","templated":true}]}}