{"id":5565,"date":"2025-09-21T11:13:05","date_gmt":"2025-09-21T09:13:05","guid":{"rendered":"https:\/\/gestespoctefa.eu\/?p=5565"},"modified":"2025-10-21T11:13:42","modified_gmt":"2025-10-21T09:13:42","slug":"plantacio-experimental-dall-silvestre-al-parc-natural-regional-dels-pirineus-catalans","status":"publish","type":"post","link":"https:\/\/gestespoctefa.eu\/ca\/plantacio-experimental-dall-silvestre-al-parc-natural-regional-dels-pirineus-catalans\/","title":{"rendered":"Plantaci\u00f3 experimental d\u2019all silvestre al Parc Natural Regional dels Pirineus Catalans"},"content":{"rendered":"<p data-start=\"0\" data-end=\"317\">En els darrers anys, l\u2019all silvestre (<em data-start=\"38\" data-end=\"54\">Allium ursinum<\/em>) s\u2019ha posat de moda: s\u2019utilitza en pestos, formatges, pastes, aperitius, guarnicions, condiments i molt m\u00e9s. Aquesta creixent popularitat est\u00e0 exercint una pressi\u00f3 cada cop m\u00e9s gran sobre les poblacions naturals de la planta, fins al punt de posar-les en risc.<\/p>\n<p data-start=\"319\" data-end=\"682\">Per tal de preservar les poblacions silvestres, el projecte GESTES est\u00e0 duent a terme assajos de cultiu de l\u2019all silvestre i d\u2019altres esp\u00e8cies. Al Parc Natural Regional dels Pirineus Catalans, en Boris Orriols, de l\u2019empresa Ker\u00e8tania (Osseja), i l\u2019H\u00e9l\u00e8ne Sanz, fundadora de Salva Natura (Latour-de-Carol), han posat en marxa aquestes proves a les seves finques.<\/p>\n<p data-start=\"684\" data-end=\"1021\">Dins de les seves parcel\u00b7les dedicades a plantes arom\u00e0tiques i medicinals, tots dos han reservat una zona per experimentar amb el cultiu de les esp\u00e8cies seleccionades pel projecte. En el cas d\u2019en Boris, el cultiu es desenvolupa en un vessant ombr\u00edvol; en el de l\u2019H\u00e9l\u00e8ne, en una parcel\u00b7la arbrada vora el riu, on l\u2019ambient \u00e9s m\u00e9s fresc.<\/p>\n<p data-start=\"1023\" data-end=\"1265\">A m\u00e9s de la idone\u00eftat d\u2019aquestes ubicacions, tamb\u00e9 s\u2019estan provant tres nivells de densitat de plantaci\u00f3: 20 plantes per metre quadrat, 50 i 100. El seguiment dels resultats permetr\u00e0 determinar quina opci\u00f3 ofereix la producci\u00f3 m\u00e9s rendible.<\/p>\n<p data-start=\"1267\" data-end=\"1396\" data-is-last-node=\"\" data-is-only-node=\"\">El projecte GESTES busca conciliar la preservaci\u00f3 d\u2019esp\u00e8cies i espais naturals amb l\u2019explotaci\u00f3 comercial de recursos silvestres.<\/p>\n\n\t\t\t<style type='text\/css'>\n\t\t\t\t#gallery-1 {\n\t\t\t\t\tmargin: auto;\n\t\t\t\t}\n\t\t\t\t#gallery-1 .gallery-item {\n\t\t\t\t\tfloat: left;\n\t\t\t\t\tmargin-top: 10px;\n\t\t\t\t\ttext-align: center;\n\t\t\t\t\twidth: 100%;\n\t\t\t\t}\n\t\t\t\t#gallery-1 img {\n\t\t\t\t\tborder: 2px solid #cfcfcf;\n\t\t\t\t}\n\t\t\t\t#gallery-1 .gallery-caption {\n\t\t\t\t\tmargin-left: 0;\n\t\t\t\t}\n\t\t\t\t\/* see gallery_shortcode() in wp-includes\/media.php *\/\n\t\t\t<\/style>\n\t\t<div id='gallery-1' class='dt-gallery-container gallery galleryid-5565 gallery-columns-1 gallery-size-full'><dl class='gallery-item'>\n\t\t\t\t<dt class='gallery-icon landscape'>\n\t\t\t\t\t<a class=\"rollover rollover-zoom dt-pswp-item\" title=\"All silvestre\" data-dt-img-description=\"\" data-large_image_width=\"2560\" data-large_image_height=\"1440\"href='https:\/\/gestespoctefa.eu\/wp-content\/uploads\/2025\/10\/plantation_Ail-des-Ours_Keretania_Boris-Orriols_Osseja_-sur-talus-arbore-3-densites-scaled.jpg'><img loading=\"lazy\" decoding=\"async\" width=\"2560\" height=\"1440\" src=\"https:\/\/gestespoctefa.eu\/wp-content\/uploads\/2025\/10\/plantation_Ail-des-Ours_Keretania_Boris-Orriols_Osseja_-sur-talus-arbore-3-densites-scaled.jpg\" class=\"attachment-full size-full\" alt=\"\" srcset=\"https:\/\/gestespoctefa.eu\/wp-content\/uploads\/2025\/10\/plantation_Ail-des-Ours_Keretania_Boris-Orriols_Osseja_-sur-talus-arbore-3-densites-scaled.jpg 2560w, https:\/\/gestespoctefa.eu\/wp-content\/uploads\/2025\/10\/plantation_Ail-des-Ours_Keretania_Boris-Orriols_Osseja_-sur-talus-arbore-3-densites-300x169.jpg 300w, https:\/\/gestespoctefa.eu\/wp-content\/uploads\/2025\/10\/plantation_Ail-des-Ours_Keretania_Boris-Orriols_Osseja_-sur-talus-arbore-3-densites-1024x576.jpg 1024w, https:\/\/gestespoctefa.eu\/wp-content\/uploads\/2025\/10\/plantation_Ail-des-Ours_Keretania_Boris-Orriols_Osseja_-sur-talus-arbore-3-densites-768x432.jpg 768w, https:\/\/gestespoctefa.eu\/wp-content\/uploads\/2025\/10\/plantation_Ail-des-Ours_Keretania_Boris-Orriols_Osseja_-sur-talus-arbore-3-densites-1536x864.jpg 1536w, https:\/\/gestespoctefa.eu\/wp-content\/uploads\/2025\/10\/plantation_Ail-des-Ours_Keretania_Boris-Orriols_Osseja_-sur-talus-arbore-3-densites-2048x1152.jpg 2048w\" sizes=\"auto, (max-width: 2560px) 100vw, 2560px\" \/><\/a>\n\t\t\t\t<\/dt><\/dl><br style=\"clear: both\" \/><dl class='gallery-item'>\n\t\t\t\t<dt class='gallery-icon portrait'>\n\t\t\t\t\t<a class=\"rollover rollover-zoom dt-pswp-item\" title=\"All silvestre\" data-dt-img-description=\"\" data-large_image_width=\"1920\" data-large_image_height=\"2560\"href='https:\/\/gestespoctefa.eu\/wp-content\/uploads\/2025\/10\/Ail-des-ours-Porta-Helene-Salva-Natura_-plants-avec-ses-bryophytes-scaled.jpg'><img loading=\"lazy\" decoding=\"async\" width=\"1920\" height=\"2560\" src=\"https:\/\/gestespoctefa.eu\/wp-content\/uploads\/2025\/10\/Ail-des-ours-Porta-Helene-Salva-Natura_-plants-avec-ses-bryophytes-scaled.jpg\" class=\"attachment-full size-full\" alt=\"\" srcset=\"https:\/\/gestespoctefa.eu\/wp-content\/uploads\/2025\/10\/Ail-des-ours-Porta-Helene-Salva-Natura_-plants-avec-ses-bryophytes-scaled.jpg 1920w, https:\/\/gestespoctefa.eu\/wp-content\/uploads\/2025\/10\/Ail-des-ours-Porta-Helene-Salva-Natura_-plants-avec-ses-bryophytes-225x300.jpg 225w, https:\/\/gestespoctefa.eu\/wp-content\/uploads\/2025\/10\/Ail-des-ours-Porta-Helene-Salva-Natura_-plants-avec-ses-bryophytes-768x1024.jpg 768w, https:\/\/gestespoctefa.eu\/wp-content\/uploads\/2025\/10\/Ail-des-ours-Porta-Helene-Salva-Natura_-plants-avec-ses-bryophytes-1152x1536.jpg 1152w, https:\/\/gestespoctefa.eu\/wp-content\/uploads\/2025\/10\/Ail-des-ours-Porta-Helene-Salva-Natura_-plants-avec-ses-bryophytes-1536x2048.jpg 1536w\" sizes=\"auto, (max-width: 1920px) 100vw, 1920px\" \/><\/a>\n\t\t\t\t<\/dt><\/dl><br style=\"clear: both\" \/><dl class='gallery-item'>\n\t\t\t\t<dt class='gallery-icon landscape'>\n\t\t\t\t\t<a class=\"rollover rollover-zoom dt-pswp-item\" title=\"All silvestre\" data-dt-img-description=\"\" data-large_image_width=\"768\" data-large_image_height=\"354\"href='https:\/\/gestespoctefa.eu\/wp-content\/uploads\/2025\/10\/plantation_Ail-des-ours-Salva-Natura_-Helene-Porta-planche-avec-les-3-densites.jpg'><img loading=\"lazy\" decoding=\"async\" width=\"768\" height=\"354\" src=\"https:\/\/gestespoctefa.eu\/wp-content\/uploads\/2025\/10\/plantation_Ail-des-ours-Salva-Natura_-Helene-Porta-planche-avec-les-3-densites.jpg\" class=\"attachment-full size-full\" alt=\"\" srcset=\"https:\/\/gestespoctefa.eu\/wp-content\/uploads\/2025\/10\/plantation_Ail-des-ours-Salva-Natura_-Helene-Porta-planche-avec-les-3-densites.jpg 768w, https:\/\/gestespoctefa.eu\/wp-content\/uploads\/2025\/10\/plantation_Ail-des-ours-Salva-Natura_-Helene-Porta-planche-avec-les-3-densites-300x138.jpg 300w\" sizes=\"auto, (max-width: 768px) 100vw, 768px\" \/><\/a>\n\t\t\t\t<\/dt><\/dl><br style=\"clear: both\" \/>\n\t\t\t<\/div>\n\n","protected":false},"excerpt":{"rendered":"<p>En els darrers anys, l\u2019all silvestre (Allium ursinum) s\u2019ha posat de moda: s\u2019utilitza en pestos, formatges, pastes, aperitius, guarnicions, condiments i molt m\u00e9s. Aquesta creixent popularitat est\u00e0 exercint una pressi\u00f3 cada cop m\u00e9s gran sobre les poblacions naturals de la planta, fins al punt de posar-les en risc. Per tal de preservar les poblacions silvestres,&hellip;<\/p>\n","protected":false},"author":10,"featured_media":5549,"comment_status":"closed","ping_status":"closed","sticky":false,"template":"","format":"standard","meta":{"footnotes":""},"categories":[74],"tags":[],"class_list":["post-5565","post","type-post","status-publish","format-standard","has-post-thumbnail","hentry","category-noticies","category-74","description-off"],"_links":{"self":[{"href":"https:\/\/gestespoctefa.eu\/ca\/wp-json\/wp\/v2\/posts\/5565","targetHints":{"allow":["GET"]}}],"collection":[{"href":"https:\/\/gestespoctefa.eu\/ca\/wp-json\/wp\/v2\/posts"}],"about":[{"href":"https:\/\/gestespoctefa.eu\/ca\/wp-json\/wp\/v2\/types\/post"}],"author":[{"embeddable":true,"href":"https:\/\/gestespoctefa.eu\/ca\/wp-json\/wp\/v2\/users\/10"}],"replies":[{"embeddable":true,"href":"https:\/\/gestespoctefa.eu\/ca\/wp-json\/wp\/v2\/comments?post=5565"}],"version-history":[{"count":1,"href":"https:\/\/gestespoctefa.eu\/ca\/wp-json\/wp\/v2\/posts\/5565\/revisions"}],"predecessor-version":[{"id":5566,"href":"https:\/\/gestespoctefa.eu\/ca\/wp-json\/wp\/v2\/posts\/5565\/revisions\/5566"}],"wp:featuredmedia":[{"embeddable":true,"href":"https:\/\/gestespoctefa.eu\/ca\/wp-json\/wp\/v2\/media\/5549"}],"wp:attachment":[{"href":"https:\/\/gestespoctefa.eu\/ca\/wp-json\/wp\/v2\/media?parent=5565"}],"wp:term":[{"taxonomy":"category","embeddable":true,"href":"https:\/\/gestespoctefa.eu\/ca\/wp-json\/wp\/v2\/categories?post=5565"},{"taxonomy":"post_tag","embeddable":true,"href":"https:\/\/gestespoctefa.eu\/ca\/wp-json\/wp\/v2\/tags?post=5565"}],"curies":[{"name":"wp","href":"https:\/\/api.w.org\/{rel}","templated":true}]}}