{"id":6419,"date":"2026-09-04T10:15:22","date_gmt":"2026-09-04T08:15:22","guid":{"rendered":"https:\/\/gestespoctefa.eu\/?p=6419"},"modified":"2026-09-04T10:22:23","modified_gmt":"2026-09-04T08:22:23","slug":"gestes-porta-fins-al-japo-la-recerca-sobre-plantes-aromatiques-i-medicinals","status":"publish","type":"post","link":"https:\/\/gestespoctefa.eu\/ca\/gestes-porta-fins-al-japo-la-recerca-sobre-plantes-aromatiques-i-medicinals\/","title":{"rendered":"GESTES porta fins al Jap\u00f3 la recerca sobre plantes arom\u00e0tiques i medicinals"},"content":{"rendered":"<p>La investigadora del Departament de Ci\u00e8ncia Vegetal del CITA Juliana Navarro va participar del 23 al 28 d&#8217;agost en el XXXII Congr\u00e9s Internacional d&#8217;Horticultura (<a href=\"https:\/\/www.ihc2026.org\/\" target=\"_blank\" rel=\"noopener\">IHC2026<\/a>), que es va celebrar a Kyoto (el Jap\u00f3).<\/p>\n<p>Sota el tema \u201cExplorant la diversitat de l&#8217;horticultura\u201d, la trobada va congregar a experts de diferents universitats i centres de recerca de tot el m\u00f3n per a compartir els \u00faltims descobriments i intercanviar experi\u00e8ncies en aquest camp.<\/p>\n<p>Durant les jornades, Juliana Navarro va presentar la comunicaci\u00f3 oral <a href=\"https:\/\/gestespoctefa.eu\/wp-content\/uploads\/2026\/02\/e4.1.-Informe-ecosistema-comercial-plantas-silvestres-GESTES.pdf\" target=\"_blank\" rel=\"noopener\">\u201cCircuits comercials i cadenes de valor d&#8217;esp\u00e8cies vegetals recol\u00b7lectades en estat silvestre a Espanya i Fran\u00e7a: implicacions per a la gesti\u00f3 sostenible i la conservaci\u00f3\u201d<\/a>, que s&#8217;emmarca en el projecte GESTIS POCTEFA Interreg.<\/p>\n<p>Aquest treball, elaborat amb ajuda de tots els socis, descriu les cadenes de valor de les principals esp\u00e8cies de plantes arom\u00e0tiques i medicinals (PAM) recol\u00b7lectades a Espanya i Fran\u00e7a, la identificaci\u00f3 dels diferents actors i la magnitud econ\u00f2mica de l&#8217;activitat en cada tipus de circuit (alimentari, medicinal i verd ornamental).<\/p>\n<p>A m\u00e9s, la investigadora va explicar als assistents les principals accions que s&#8217;estan desenvolupant en el projecte, aix\u00ed com la p\u00e0gina web d&#8217;aquest, on poden consultar les novetats.<\/p>\n\n\t\t\t<style type='text\/css'>\n\t\t\t\t#gallery-1 {\n\t\t\t\t\tmargin: auto;\n\t\t\t\t}\n\t\t\t\t#gallery-1 .gallery-item {\n\t\t\t\t\tfloat: left;\n\t\t\t\t\tmargin-top: 10px;\n\t\t\t\t\ttext-align: center;\n\t\t\t\t\twidth: 100%;\n\t\t\t\t}\n\t\t\t\t#gallery-1 img {\n\t\t\t\t\tborder: 2px solid #cfcfcf;\n\t\t\t\t}\n\t\t\t\t#gallery-1 .gallery-caption {\n\t\t\t\t\tmargin-left: 0;\n\t\t\t\t}\n\t\t\t\t\/* see gallery_shortcode() in wp-includes\/media.php *\/\n\t\t\t<\/style>\n\t\t<div id='gallery-1' class='dt-gallery-container gallery galleryid-6419 gallery-columns-1 gallery-size-large'><dl class='gallery-item'>\n\t\t\t\t<dt class='gallery-icon landscape'>\n\t\t\t\t\t<a class=\"rollover rollover-zoom dt-pswp-item\" title=\"GESTES en el XXXII Congr\u00e9s Internacional d&#039;Horticultura al Jap\u00f3\" data-dt-img-description=\"\" data-large_image_width=\"1600\" data-large_image_height=\"1200\"href='https:\/\/gestespoctefa.eu\/wp-content\/uploads\/2026\/09\/GESTES-en-XXXII-Congreso-Internacional-de-Horticultura-en-Japon-1.jpeg'><img loading=\"lazy\" decoding=\"async\" width=\"1024\" height=\"768\" src=\"https:\/\/gestespoctefa.eu\/wp-content\/uploads\/2026\/09\/GESTES-en-XXXII-Congreso-Internacional-de-Horticultura-en-Japon-1-1024x768.jpeg\" class=\"attachment-large size-large\" alt=\"\" srcset=\"https:\/\/gestespoctefa.eu\/wp-content\/uploads\/2026\/09\/GESTES-en-XXXII-Congreso-Internacional-de-Horticultura-en-Japon-1-1024x768.jpeg 1024w, https:\/\/gestespoctefa.eu\/wp-content\/uploads\/2026\/09\/GESTES-en-XXXII-Congreso-Internacional-de-Horticultura-en-Japon-1-300x225.jpeg 300w, https:\/\/gestespoctefa.eu\/wp-content\/uploads\/2026\/09\/GESTES-en-XXXII-Congreso-Internacional-de-Horticultura-en-Japon-1-768x576.jpeg 768w, https:\/\/gestespoctefa.eu\/wp-content\/uploads\/2026\/09\/GESTES-en-XXXII-Congreso-Internacional-de-Horticultura-en-Japon-1-1536x1152.jpeg 1536w, https:\/\/gestespoctefa.eu\/wp-content\/uploads\/2026\/09\/GESTES-en-XXXII-Congreso-Internacional-de-Horticultura-en-Japon-1.jpeg 1600w\" sizes=\"auto, (max-width: 1024px) 100vw, 1024px\" \/><\/a>\n\t\t\t\t<\/dt><\/dl><br style=\"clear: both\" \/>\n\t\t\t<\/div>\n\n","protected":false},"excerpt":{"rendered":"<p>La investigadora del Departament de Ci\u00e8ncia Vegetal del CITA Juliana Navarro va participar del 23 al 28 d&#8217;agost en el XXXII Congr\u00e9s Internacional d&#8217;Horticultura (IHC2026), que es va celebrar a Kyoto (el Jap\u00f3). Sota el tema \u201cExplorant la diversitat de l&#8217;horticultura\u201d, la trobada va congregar a experts de diferents universitats i centres de recerca de&hellip;<\/p>\n","protected":false},"author":10,"featured_media":6411,"comment_status":"closed","ping_status":"closed","sticky":false,"template":"","format":"standard","meta":{"footnotes":""},"categories":[74],"tags":[],"class_list":["post-6419","post","type-post","status-publish","format-standard","has-post-thumbnail","hentry","category-noticies","category-74","description-off"],"_links":{"self":[{"href":"https:\/\/gestespoctefa.eu\/ca\/wp-json\/wp\/v2\/posts\/6419","targetHints":{"allow":["GET"]}}],"collection":[{"href":"https:\/\/gestespoctefa.eu\/ca\/wp-json\/wp\/v2\/posts"}],"about":[{"href":"https:\/\/gestespoctefa.eu\/ca\/wp-json\/wp\/v2\/types\/post"}],"author":[{"embeddable":true,"href":"https:\/\/gestespoctefa.eu\/ca\/wp-json\/wp\/v2\/users\/10"}],"replies":[{"embeddable":true,"href":"https:\/\/gestespoctefa.eu\/ca\/wp-json\/wp\/v2\/comments?post=6419"}],"version-history":[{"count":3,"href":"https:\/\/gestespoctefa.eu\/ca\/wp-json\/wp\/v2\/posts\/6419\/revisions"}],"predecessor-version":[{"id":6424,"href":"https:\/\/gestespoctefa.eu\/ca\/wp-json\/wp\/v2\/posts\/6419\/revisions\/6424"}],"wp:featuredmedia":[{"embeddable":true,"href":"https:\/\/gestespoctefa.eu\/ca\/wp-json\/wp\/v2\/media\/6411"}],"wp:attachment":[{"href":"https:\/\/gestespoctefa.eu\/ca\/wp-json\/wp\/v2\/media?parent=6419"}],"wp:term":[{"taxonomy":"category","embeddable":true,"href":"https:\/\/gestespoctefa.eu\/ca\/wp-json\/wp\/v2\/categories?post=6419"},{"taxonomy":"post_tag","embeddable":true,"href":"https:\/\/gestespoctefa.eu\/ca\/wp-json\/wp\/v2\/tags?post=6419"}],"curies":[{"name":"wp","href":"https:\/\/api.w.org\/{rel}","templated":true}]}}