{"id":4777,"date":"2024-09-01T11:33:42","date_gmt":"2024-09-01T09:33:42","guid":{"rendered":"https:\/\/gestespoctefa.eu\/encuesta-a-los-recolectores-para-conocer-las-plantas-que-se-comercializan-en-la-zona-poctefa\/"},"modified":"2024-10-21T11:48:08","modified_gmt":"2024-10-21T09:48:08","slug":"enquete-aupres-des-cueilleuses-et-des-cueilleurs-pour-connaitre-les-plantes-commercialisees-dans-la-zone-poctefa","status":"publish","type":"post","link":"https:\/\/gestespoctefa.eu\/fr\/enquete-aupres-des-cueilleuses-et-des-cueilleurs-pour-connaitre-les-plantes-commercialisees-dans-la-zone-poctefa\/","title":{"rendered":"Enqu\u00eate aupr\u00e8s des cueilleuses et des cueilleurs pour conna\u00eetre les plantes commercialis\u00e9es dans la zone POCTEFA"},"content":{"rendered":"<p>GESTES continue de progresser. L&rsquo;un des premiers objectifs de ce projet est de conna\u00eetre les plantes sauvages qui sont cueillies de part et d&rsquo;autre des Pyr\u00e9n\u00e9es dans la zone POCTEFA en vue de leur commercialisation.<\/p>\n<p>Pour cette raison, chaque partenaire a lanc\u00e9 une enqu\u00eate sur son territoire aupr\u00e8s des cueilleuses et des cueilleurs professionnels puisque ce sont eux qui connaissent le mieux la r\u00e9alit\u00e9 de l\u2019\u00e9tat de la ressource v\u00e9g\u00e9tale.<\/p>\n<p>Voici quelques exemples de questions auxquelles ils doivent r\u00e9pondre : \u00ab Pratiquez-vous une\u00a0cueillette professionnelle ou occasionnelle\u00a0\u00bb, \u00ab\u00a0une collecte manuelle ou m\u00e9canique\u00a0?\u00bb, \u00ab\u00a0Quelles esp\u00e8ces et quelles parties de la place sont cueillies\u00a0? \u00bb, \u00ab\u00a0Dans quelles zones est exerc\u00e9e cette activit\u00e9\u00a0? \u00bb ou encore \u00ab\u00a0Quelle destination pour les plantes cueillies\u00a0? \u00bb.<\/p>\n<p>L&rsquo;enqu\u00eate a \u00e9t\u00e9 envoy\u00e9e par mail et sur les r\u00e9seaux sociaux depuis juillet 2024 et sera active jusqu\u2019au 1<sup>er<\/sup> mars 2025.<\/p>\n<p>Les donn\u00e9es issues de cette enqu\u00eate seront analys\u00e9es \u00e0 partir du printemps 2025.<\/p>\n","protected":false},"excerpt":{"rendered":"<p>GESTES continue de progresser. L&rsquo;un des premiers objectifs de ce projet est de conna\u00eetre les plantes sauvages qui sont cueillies de part et d&rsquo;autre des Pyr\u00e9n\u00e9es dans la zone POCTEFA en vue de leur commercialisation. Pour cette raison, chaque partenaire a lanc\u00e9 une enqu\u00eate sur son territoire aupr\u00e8s des cueilleuses et des cueilleurs professionnels puisque&hellip;<\/p>\n","protected":false},"author":1,"featured_media":4770,"comment_status":"closed","ping_status":"closed","sticky":false,"template":"","format":"standard","meta":{"footnotes":""},"categories":[80],"tags":[],"class_list":["post-4777","post","type-post","status-publish","format-standard","has-post-thumbnail","hentry","category-nouvelles","category-80","description-off"],"_links":{"self":[{"href":"https:\/\/gestespoctefa.eu\/fr\/wp-json\/wp\/v2\/posts\/4777","targetHints":{"allow":["GET"]}}],"collection":[{"href":"https:\/\/gestespoctefa.eu\/fr\/wp-json\/wp\/v2\/posts"}],"about":[{"href":"https:\/\/gestespoctefa.eu\/fr\/wp-json\/wp\/v2\/types\/post"}],"author":[{"embeddable":true,"href":"https:\/\/gestespoctefa.eu\/fr\/wp-json\/wp\/v2\/users\/1"}],"replies":[{"embeddable":true,"href":"https:\/\/gestespoctefa.eu\/fr\/wp-json\/wp\/v2\/comments?post=4777"}],"version-history":[{"count":1,"href":"https:\/\/gestespoctefa.eu\/fr\/wp-json\/wp\/v2\/posts\/4777\/revisions"}],"predecessor-version":[{"id":4778,"href":"https:\/\/gestespoctefa.eu\/fr\/wp-json\/wp\/v2\/posts\/4777\/revisions\/4778"}],"wp:featuredmedia":[{"embeddable":true,"href":"https:\/\/gestespoctefa.eu\/fr\/wp-json\/wp\/v2\/media\/4770"}],"wp:attachment":[{"href":"https:\/\/gestespoctefa.eu\/fr\/wp-json\/wp\/v2\/media?parent=4777"}],"wp:term":[{"taxonomy":"category","embeddable":true,"href":"https:\/\/gestespoctefa.eu\/fr\/wp-json\/wp\/v2\/categories?post=4777"},{"taxonomy":"post_tag","embeddable":true,"href":"https:\/\/gestespoctefa.eu\/fr\/wp-json\/wp\/v2\/tags?post=4777"}],"curies":[{"name":"wp","href":"https:\/\/api.w.org\/{rel}","templated":true}]}}