{"id":5077,"date":"2024-12-03T13:31:24","date_gmt":"2024-12-03T12:31:24","guid":{"rendered":"https:\/\/gestespoctefa.eu\/?p=5077"},"modified":"2025-01-28T09:08:22","modified_gmt":"2025-01-28T08:08:22","slug":"observation-de-limpact-de-la-cueillette-des-branches-de-lentisque-destinees-a-la-verdure-ornementale","status":"publish","type":"post","link":"https:\/\/gestespoctefa.eu\/fr\/observation-de-limpact-de-la-cueillette-des-branches-de-lentisque-destinees-a-la-verdure-ornementale\/","title":{"rendered":"Observation de l\u2019impact de la collecte de branches de Pistachier lentisque destin\u00e9es \u00e0 l\u2019ornementation v\u00e9g\u00e9tale"},"content":{"rendered":"<p>Le Pistachier lentisque (Pistacia lentiscus) est un arbuste m\u00e9diterran\u00e9en qui pousse dans les sous-bois des for\u00eats c\u00f4ti\u00e8res et pr\u00e9-littorales catalanes. Depuis quelque temps, il fait l&rsquo;objet d&rsquo;une collecte par des groupes de migrants, qui collecte des \u00a0branches verte,s d&rsquo;environ 60 cm, utilis\u00e9es pour r\u00e9aliser des d\u00e9corations florales, destin\u00e9es \u00e0 l&rsquo;exportation, principalement vers les Pays-Bas. Cela suscite de grandes inqui\u00e9tudes, car cette activit\u00e9 n&rsquo;est pas r\u00e9glement\u00e9e et, bien souvent, ces ramasseurs acc\u00e8dent aux for\u00eats sans demander la permission aux propri\u00e9taires.<\/p>\n<p>Un autre aspect est le manque de connaissance de l&rsquo;effet de cette collecte sur les esp\u00e8ces r\u00e9colt\u00e9es. Dans le cadre du projet GESTES, le Centre de Sciences et Technologies Foresti\u00e8res de Catalogne (CTFC) a pr\u00e9vu de surveiller les populations de lentisques sur deux sites : Font-Rub\u00ed (Alt Pened\u00e8s) et dans le Parc Naturel de Sant Lloren\u00e7 del Munt et l&rsquo;Obac (Vall\u00e8s Oriental) pour mesurer comment la r\u00e9colte affecte la repousse et la fructification de cet arbuste.<\/p>\n<p>Courant 2024, plusieurs parcelles de 3&#215;3 m ont \u00e9t\u00e9 install\u00e9es dans des zones faisant l\u2019objet de diff\u00e9rents traitements : pr\u00e9l\u00e8vement de branche de lentisque tous les ans ; tous les deux ans et absence de pr\u00e9l\u00e8vements.<\/p>\n<p>Dans ces parcelles, les lentisques existants ont \u00e9t\u00e9 mesur\u00e9s et les coupes provenant d&rsquo;anciennes r\u00e9coltes et de r\u00e9coltes actuelles ont \u00e9t\u00e9 compt\u00e9es. Dans les parcelles pr\u00e9lev\u00e9es, toutes les branches exploitables commercialement ont \u00e9t\u00e9 marqu\u00e9es, et certaines ont \u00e9t\u00e9 coup\u00e9es pour voir l&rsquo;effet de repousse dans les ann\u00e9es \u00e0 venir.<\/p>\n<p>Jusqu&rsquo;\u00e0 pr\u00e9sent, il n&rsquo;a pas \u00e9t\u00e9 vu qu&rsquo;il existe une relation directe entre la hauteur du lentisque pistachier et la production de branches commerciales, qui semblent r\u00e9pondre davantage \u00e0 certaines actions de taille (d\u00e9broussaillage) ou au renouvellement des drageons (pousses vigoureuses) \u00e0 partir de la base de l\u2019arbuste.<\/p>\n\n\t\t\t<style type='text\/css'>\n\t\t\t\t#gallery-1 {\n\t\t\t\t\tmargin: auto;\n\t\t\t\t}\n\t\t\t\t#gallery-1 .gallery-item {\n\t\t\t\t\tfloat: left;\n\t\t\t\t\tmargin-top: 10px;\n\t\t\t\t\ttext-align: center;\n\t\t\t\t\twidth: 50%;\n\t\t\t\t}\n\t\t\t\t#gallery-1 img {\n\t\t\t\t\tborder: 2px solid #cfcfcf;\n\t\t\t\t}\n\t\t\t\t#gallery-1 .gallery-caption {\n\t\t\t\t\tmargin-left: 0;\n\t\t\t\t}\n\t\t\t\t\/* see gallery_shortcode() in wp-includes\/media.php *\/\n\t\t\t<\/style>\n\t\t<div id='gallery-1' class='dt-gallery-container gallery galleryid-5077 gallery-columns-2 gallery-size-medium'><dl class='gallery-item'>\n\t\t\t\t<dt class='gallery-icon portrait'>\n\t\t\t\t\t<a class=\"rollover\" href='https:\/\/gestespoctefa.eu\/fr\/noticia-11-1-2\/'><img loading=\"lazy\" decoding=\"async\" width=\"225\" height=\"300\" src=\"https:\/\/gestespoctefa.eu\/wp-content\/uploads\/2025\/01\/Noticia-11-1-225x300.jpg\" class=\"attachment-medium size-medium\" alt=\"\" aria-describedby=\"gallery-1-5010\" srcset=\"https:\/\/gestespoctefa.eu\/wp-content\/uploads\/2025\/01\/Noticia-11-1-225x300.jpg 225w, https:\/\/gestespoctefa.eu\/wp-content\/uploads\/2025\/01\/Noticia-11-1.jpg 460w\" sizes=\"auto, (max-width: 225px) 100vw, 225px\" \/><\/a>\n\t\t\t\t<\/dt>\n\t\t\t\t\t<dd class='wp-caption-text gallery-caption' id='gallery-1-5010'>\n\t\t\t\t\tBranche d\u2019int\u00e9r\u00eat commerciale de pistachier lentisque.\n\t\t\t\t\t<\/dd><\/dl><dl class='gallery-item'>\n\t\t\t\t<dt class='gallery-icon landscape'>\n\t\t\t\t\t<a class=\"rollover\" href='https:\/\/gestespoctefa.eu\/fr\/noticia-11-2\/'><img loading=\"lazy\" decoding=\"async\" width=\"300\" height=\"135\" src=\"https:\/\/gestespoctefa.eu\/wp-content\/uploads\/2025\/01\/Noticia-11-300x135.jpg\" class=\"attachment-medium size-medium\" alt=\"\" aria-describedby=\"gallery-1-4971\" srcset=\"https:\/\/gestespoctefa.eu\/wp-content\/uploads\/2025\/01\/Noticia-11-300x135.jpg 300w, https:\/\/gestespoctefa.eu\/wp-content\/uploads\/2025\/01\/Noticia-11-1024x461.jpg 1024w, https:\/\/gestespoctefa.eu\/wp-content\/uploads\/2025\/01\/Noticia-11-768x346.jpg 768w, https:\/\/gestespoctefa.eu\/wp-content\/uploads\/2025\/01\/Noticia-11.jpg 1299w\" sizes=\"auto, (max-width: 300px) 100vw, 300px\" \/><\/a>\n\t\t\t\t<\/dt>\n\t\t\t\t\t<dd class='wp-caption-text gallery-caption' id='gallery-1-4971'>\n\t\t\t\t\tUne parcelle de suivi du pistachier lentisque.\n\t\t\t\t\t<\/dd><\/dl><br style=\"clear: both\" \/>\n\t\t\t<\/div>\n\n","protected":false},"excerpt":{"rendered":"<p>Le Pistachier lentisque (Pistacia lentiscus) est un arbuste m\u00e9diterran\u00e9en qui pousse dans les sous-bois des for\u00eats c\u00f4ti\u00e8res et pr\u00e9-littorales catalanes. Depuis quelque temps, il fait l&rsquo;objet d&rsquo;une collecte par des groupes de migrants, qui collecte des \u00a0branches verte,s d&rsquo;environ 60 cm, utilis\u00e9es pour r\u00e9aliser des d\u00e9corations florales, destin\u00e9es \u00e0 l&rsquo;exportation, principalement vers les Pays-Bas. Cela&hellip;<\/p>\n","protected":false},"author":10,"featured_media":5013,"comment_status":"closed","ping_status":"closed","sticky":false,"template":"","format":"standard","meta":{"footnotes":""},"categories":[80],"tags":[],"class_list":["post-5077","post","type-post","status-publish","format-standard","has-post-thumbnail","hentry","category-nouvelles","category-80","description-off"],"_links":{"self":[{"href":"https:\/\/gestespoctefa.eu\/fr\/wp-json\/wp\/v2\/posts\/5077","targetHints":{"allow":["GET"]}}],"collection":[{"href":"https:\/\/gestespoctefa.eu\/fr\/wp-json\/wp\/v2\/posts"}],"about":[{"href":"https:\/\/gestespoctefa.eu\/fr\/wp-json\/wp\/v2\/types\/post"}],"author":[{"embeddable":true,"href":"https:\/\/gestespoctefa.eu\/fr\/wp-json\/wp\/v2\/users\/10"}],"replies":[{"embeddable":true,"href":"https:\/\/gestespoctefa.eu\/fr\/wp-json\/wp\/v2\/comments?post=5077"}],"version-history":[{"count":3,"href":"https:\/\/gestespoctefa.eu\/fr\/wp-json\/wp\/v2\/posts\/5077\/revisions"}],"predecessor-version":[{"id":5185,"href":"https:\/\/gestespoctefa.eu\/fr\/wp-json\/wp\/v2\/posts\/5077\/revisions\/5185"}],"wp:featuredmedia":[{"embeddable":true,"href":"https:\/\/gestespoctefa.eu\/fr\/wp-json\/wp\/v2\/media\/5013"}],"wp:attachment":[{"href":"https:\/\/gestespoctefa.eu\/fr\/wp-json\/wp\/v2\/media?parent=5077"}],"wp:term":[{"taxonomy":"category","embeddable":true,"href":"https:\/\/gestespoctefa.eu\/fr\/wp-json\/wp\/v2\/categories?post=5077"},{"taxonomy":"post_tag","embeddable":true,"href":"https:\/\/gestespoctefa.eu\/fr\/wp-json\/wp\/v2\/tags?post=5077"}],"curies":[{"name":"wp","href":"https:\/\/api.w.org\/{rel}","templated":true}]}}