{"id":5843,"date":"2025-12-12T10:17:50","date_gmt":"2025-12-12T09:17:50","guid":{"rendered":"https:\/\/gestespoctefa.eu\/?p=5843"},"modified":"2025-12-15T09:23:02","modified_gmt":"2025-12-15T08:23:02","slug":"les-plantes-sauvages-traditionnellement-cueillies-font-peau-neuve-par-leur-mise-en-culture-chez-nos-producteurs","status":"publish","type":"post","link":"https:\/\/gestespoctefa.eu\/fr\/les-plantes-sauvages-traditionnellement-cueillies-font-peau-neuve-par-leur-mise-en-culture-chez-nos-producteurs\/","title":{"rendered":"Les plantes sauvages traditionnellement cueillies font peau neuve par leur mise en culture chez nos producteurs"},"content":{"rendered":"<p>Gr\u00e2ce \u00e0 l\u2019implication de 5 producteurs.rices de plantes \u00e0 parfums aromatiques et m\u00e9dicinales (PPAM) du Parc Naturel R\u00e9gional des Pyr\u00e9n\u00e9es Catalanes dans le projet de coop\u00e9ration territoriale europ\u00e9enne GESTES, l\u2019arnica des montagnes, la val\u00e9riane officinale, l\u2019ail des ours ou m\u00eame l\u2019Orpin rose (<em>Rhodiola rosea<\/em>) ont \u00e9t\u00e9 ou seront prochainement mis en culture.<\/p>\n<p>Cela permettra de tester diff\u00e9rentes p\u00e9riodes de plantation (printemps ou automne) et itin\u00e9raires de culture en comparant divers modes de recouvrement comme le paillage, la laine, la toile tiss\u00e9e ou le broyat. Cela afin d\u2019identifier les conditions les plus favorables \u00e0 leur production dans nos montagnes catalanes. Avec la perspective de les comparer \u00e0 d\u2019autres essais men\u00e9s ailleurs dans les Pyr\u00e9n\u00e9es par les partenaires de GESTES.<\/p>\n<p>C\u2019est ainsi qu\u2019Oc\u00e9ane PORRE (SOLANA), H\u00e9l\u00e8ne SANZ (Salva Natura), Marie SAROTTE (entreprise individuelle et projet collectif Sauvages et Cultiv\u00e9es), Ingrid Vince-Meynier (Les fleurs du Galbe) et Boris Orriols (Ker\u00e8tania) se sont lanc\u00e9s dans cette aventure de plantation, suivi de la croissance et r\u00e9colte selon un protocole exp\u00e9rimental d\u00e9taill\u00e9 mis en place par l\u2019ITEIPMAI, \u00e9galement partenaire du projet, qui permettra, en fonction des r\u00e9sultats obtenus, d\u2019estimer la productivit\u00e9 et les modes de culture les plus adapt\u00e9s aux mise en culture en montagne (entre 700m et 1400m d\u2019altitude).<\/p>\n<p>Cela dans l\u2019objectif d\u2019identifier un nouveau potentiel de transformation et vente de ces plantes pour ces producteurs.rices tout en limitant la cueillette de cette ressource naturelle fragile et ainsi participer \u00e0 sa pr\u00e9servation.<\/p>\n\n\t\t\t<style type='text\/css'>\n\t\t\t\t#gallery-1 {\n\t\t\t\t\tmargin: auto;\n\t\t\t\t}\n\t\t\t\t#gallery-1 .gallery-item {\n\t\t\t\t\tfloat: left;\n\t\t\t\t\tmargin-top: 10px;\n\t\t\t\t\ttext-align: center;\n\t\t\t\t\twidth: 50%;\n\t\t\t\t}\n\t\t\t\t#gallery-1 img {\n\t\t\t\t\tborder: 2px solid #cfcfcf;\n\t\t\t\t}\n\t\t\t\t#gallery-1 .gallery-caption {\n\t\t\t\t\tmargin-left: 0;\n\t\t\t\t}\n\t\t\t\t\/* see gallery_shortcode() in wp-includes\/media.php *\/\n\t\t\t<\/style>\n\t\t<div id='gallery-1' class='dt-gallery-container gallery galleryid-5843 gallery-columns-2 gallery-size-medium'><dl class='gallery-item'>\n\t\t\t\t<dt class='gallery-icon portrait'>\n\t\t\t\t\t<a class=\"rollover rollover-zoom dt-pswp-item\" title=\"Plantation collective d&#039;Arnica \u00e0 Mantet (Oc\u00e9ane Porre - SOLANA) - Automne 2024\" data-dt-img-description=\"\" data-large_image_width=\"1920\" data-large_image_height=\"2560\"href='https:\/\/gestespoctefa.eu\/wp-content\/uploads\/2025\/12\/1.-plantation-collective-dArnica-a-Mantet-Oceane-Porre-SOLANA-Automne-2024-scaled.jpg'><img loading=\"lazy\" decoding=\"async\" width=\"225\" height=\"300\" src=\"https:\/\/gestespoctefa.eu\/wp-content\/uploads\/2025\/12\/1.-plantation-collective-dArnica-a-Mantet-Oceane-Porre-SOLANA-Automne-2024-225x300.jpg\" class=\"attachment-medium size-medium\" alt=\"\" srcset=\"https:\/\/gestespoctefa.eu\/wp-content\/uploads\/2025\/12\/1.-plantation-collective-dArnica-a-Mantet-Oceane-Porre-SOLANA-Automne-2024-225x300.jpg 225w, https:\/\/gestespoctefa.eu\/wp-content\/uploads\/2025\/12\/1.-plantation-collective-dArnica-a-Mantet-Oceane-Porre-SOLANA-Automne-2024-768x1024.jpg 768w, https:\/\/gestespoctefa.eu\/wp-content\/uploads\/2025\/12\/1.-plantation-collective-dArnica-a-Mantet-Oceane-Porre-SOLANA-Automne-2024-1152x1536.jpg 1152w, https:\/\/gestespoctefa.eu\/wp-content\/uploads\/2025\/12\/1.-plantation-collective-dArnica-a-Mantet-Oceane-Porre-SOLANA-Automne-2024-1536x2048.jpg 1536w, https:\/\/gestespoctefa.eu\/wp-content\/uploads\/2025\/12\/1.-plantation-collective-dArnica-a-Mantet-Oceane-Porre-SOLANA-Automne-2024-scaled.jpg 1920w\" sizes=\"auto, (max-width: 225px) 100vw, 225px\" \/><\/a>\n\t\t\t\t<\/dt><\/dl><dl class='gallery-item'>\n\t\t\t\t<dt class='gallery-icon landscape'>\n\t\t\t\t\t<a class=\"rollover rollover-zoom dt-pswp-item\" title=\"Suivi de l\u2019Arnica \u00e0 Porta (H\u00e9l\u00e8ne Sanz- Salva Natura) \u2013 Automne 2025\" data-dt-img-description=\"\" data-large_image_width=\"2560\" data-large_image_height=\"1920\"href='https:\/\/gestespoctefa.eu\/wp-content\/uploads\/2025\/12\/2.-Suivi-de-lArnica-a-Porta-Helene-Sanz-Salva-Natura-\u2013-Automne-2025-scaled.jpg'><img loading=\"lazy\" decoding=\"async\" width=\"300\" height=\"225\" src=\"https:\/\/gestespoctefa.eu\/wp-content\/uploads\/2025\/12\/2.-Suivi-de-lArnica-a-Porta-Helene-Sanz-Salva-Natura-\u2013-Automne-2025-300x225.jpg\" class=\"attachment-medium size-medium\" alt=\"\" srcset=\"https:\/\/gestespoctefa.eu\/wp-content\/uploads\/2025\/12\/2.-Suivi-de-lArnica-a-Porta-Helene-Sanz-Salva-Natura-\u2013-Automne-2025-300x225.jpg 300w, https:\/\/gestespoctefa.eu\/wp-content\/uploads\/2025\/12\/2.-Suivi-de-lArnica-a-Porta-Helene-Sanz-Salva-Natura-\u2013-Automne-2025-1024x768.jpg 1024w, https:\/\/gestespoctefa.eu\/wp-content\/uploads\/2025\/12\/2.-Suivi-de-lArnica-a-Porta-Helene-Sanz-Salva-Natura-\u2013-Automne-2025-768x576.jpg 768w, https:\/\/gestespoctefa.eu\/wp-content\/uploads\/2025\/12\/2.-Suivi-de-lArnica-a-Porta-Helene-Sanz-Salva-Natura-\u2013-Automne-2025-1536x1152.jpg 1536w, https:\/\/gestespoctefa.eu\/wp-content\/uploads\/2025\/12\/2.-Suivi-de-lArnica-a-Porta-Helene-Sanz-Salva-Natura-\u2013-Automne-2025-2048x1536.jpg 2048w\" sizes=\"auto, (max-width: 300px) 100vw, 300px\" \/><\/a>\n\t\t\t\t<\/dt><\/dl><br style=\"clear: both\" \/><dl class='gallery-item'>\n\t\t\t\t<dt class='gallery-icon landscape'>\n\t\t\t\t\t<a class=\"rollover rollover-zoom dt-pswp-item\" title=\"Suivi de la Val\u00e9riane \u00e0 Fillols (Marie Sarotte) \u2013 Automne 2025\" data-dt-img-description=\"\" data-large_image_width=\"2560\" data-large_image_height=\"1920\"href='https:\/\/gestespoctefa.eu\/wp-content\/uploads\/2025\/12\/3.-Suivi-Valeriane-a-Fillols-Marie-Sarotte-scaled.jpg'><img loading=\"lazy\" decoding=\"async\" width=\"300\" height=\"225\" src=\"https:\/\/gestespoctefa.eu\/wp-content\/uploads\/2025\/12\/3.-Suivi-Valeriane-a-Fillols-Marie-Sarotte-300x225.jpg\" class=\"attachment-medium size-medium\" alt=\"\" srcset=\"https:\/\/gestespoctefa.eu\/wp-content\/uploads\/2025\/12\/3.-Suivi-Valeriane-a-Fillols-Marie-Sarotte-300x225.jpg 300w, https:\/\/gestespoctefa.eu\/wp-content\/uploads\/2025\/12\/3.-Suivi-Valeriane-a-Fillols-Marie-Sarotte-1024x768.jpg 1024w, https:\/\/gestespoctefa.eu\/wp-content\/uploads\/2025\/12\/3.-Suivi-Valeriane-a-Fillols-Marie-Sarotte-768x576.jpg 768w, https:\/\/gestespoctefa.eu\/wp-content\/uploads\/2025\/12\/3.-Suivi-Valeriane-a-Fillols-Marie-Sarotte-1536x1152.jpg 1536w, https:\/\/gestespoctefa.eu\/wp-content\/uploads\/2025\/12\/3.-Suivi-Valeriane-a-Fillols-Marie-Sarotte-2048x1536.jpg 2048w\" sizes=\"auto, (max-width: 300px) 100vw, 300px\" \/><\/a>\n\t\t\t\t<\/dt><\/dl><dl class='gallery-item'>\n\t\t\t\t<dt class='gallery-icon landscape'>\n\t\t\t\t\t<a class=\"rollover rollover-zoom dt-pswp-item\" title=\"Suivi de la Val\u00e9riane \u00e0 Rieutort (Les fleurs du Galbe) \u2013 Automne 2025\" data-dt-img-description=\"\" data-large_image_width=\"2560\" data-large_image_height=\"1920\"href='https:\/\/gestespoctefa.eu\/wp-content\/uploads\/2025\/12\/4-.-Suivi-Valeriane-a-Rieutort-Ingrid-Vince-Meynier-scaled.jpg'><img loading=\"lazy\" decoding=\"async\" width=\"300\" height=\"225\" src=\"https:\/\/gestespoctefa.eu\/wp-content\/uploads\/2025\/12\/4-.-Suivi-Valeriane-a-Rieutort-Ingrid-Vince-Meynier-300x225.jpg\" class=\"attachment-medium size-medium\" alt=\"\" srcset=\"https:\/\/gestespoctefa.eu\/wp-content\/uploads\/2025\/12\/4-.-Suivi-Valeriane-a-Rieutort-Ingrid-Vince-Meynier-300x225.jpg 300w, https:\/\/gestespoctefa.eu\/wp-content\/uploads\/2025\/12\/4-.-Suivi-Valeriane-a-Rieutort-Ingrid-Vince-Meynier-1024x768.jpg 1024w, https:\/\/gestespoctefa.eu\/wp-content\/uploads\/2025\/12\/4-.-Suivi-Valeriane-a-Rieutort-Ingrid-Vince-Meynier-768x576.jpg 768w, https:\/\/gestespoctefa.eu\/wp-content\/uploads\/2025\/12\/4-.-Suivi-Valeriane-a-Rieutort-Ingrid-Vince-Meynier-1536x1152.jpg 1536w, https:\/\/gestespoctefa.eu\/wp-content\/uploads\/2025\/12\/4-.-Suivi-Valeriane-a-Rieutort-Ingrid-Vince-Meynier-2048x1536.jpg 2048w\" sizes=\"auto, (max-width: 300px) 100vw, 300px\" \/><\/a>\n\t\t\t\t<\/dt><\/dl><br style=\"clear: both\" \/><dl class='gallery-item'>\n\t\t\t\t<dt class='gallery-icon portrait'>\n\t\t\t\t\t<a class=\"rollover rollover-zoom dt-pswp-item\" title=\"R\u00e9colte de Val\u00e9riane \u00e0 Osseja (Ker\u00e8tania) \u2013 Automne 2025\" data-dt-img-description=\"\" data-large_image_width=\"1920\" data-large_image_height=\"2560\"href='https:\/\/gestespoctefa.eu\/wp-content\/uploads\/2025\/12\/5.-Recolte-Valeriane-a-Osseja-Boris-Orriols-Kerretania-scaled.jpg'><img loading=\"lazy\" decoding=\"async\" width=\"225\" height=\"300\" src=\"https:\/\/gestespoctefa.eu\/wp-content\/uploads\/2025\/12\/5.-Recolte-Valeriane-a-Osseja-Boris-Orriols-Kerretania-225x300.jpg\" class=\"attachment-medium size-medium\" alt=\"\" srcset=\"https:\/\/gestespoctefa.eu\/wp-content\/uploads\/2025\/12\/5.-Recolte-Valeriane-a-Osseja-Boris-Orriols-Kerretania-225x300.jpg 225w, https:\/\/gestespoctefa.eu\/wp-content\/uploads\/2025\/12\/5.-Recolte-Valeriane-a-Osseja-Boris-Orriols-Kerretania-768x1024.jpg 768w, https:\/\/gestespoctefa.eu\/wp-content\/uploads\/2025\/12\/5.-Recolte-Valeriane-a-Osseja-Boris-Orriols-Kerretania-1152x1536.jpg 1152w, https:\/\/gestespoctefa.eu\/wp-content\/uploads\/2025\/12\/5.-Recolte-Valeriane-a-Osseja-Boris-Orriols-Kerretania-1536x2048.jpg 1536w, https:\/\/gestespoctefa.eu\/wp-content\/uploads\/2025\/12\/5.-Recolte-Valeriane-a-Osseja-Boris-Orriols-Kerretania-scaled.jpg 1920w\" sizes=\"auto, (max-width: 225px) 100vw, 225px\" \/><\/a>\n\t\t\t\t<\/dt><\/dl>\n\t\t\t\t<br style='clear: both' \/>\n\t\t\t<\/div>\n\n","protected":false},"excerpt":{"rendered":"<p>Gr\u00e2ce \u00e0 l\u2019implication de 5 producteurs.rices de plantes \u00e0 parfums aromatiques et m\u00e9dicinales (PPAM) du Parc Naturel R\u00e9gional des Pyr\u00e9n\u00e9es Catalanes dans le projet de coop\u00e9ration territoriale europ\u00e9enne GESTES, l\u2019arnica des montagnes, la val\u00e9riane officinale, l\u2019ail des ours ou m\u00eame l\u2019Orpin rose (Rhodiola rosea) ont \u00e9t\u00e9 ou seront prochainement mis en culture. Cela permettra de&hellip;<\/p>\n","protected":false},"author":10,"featured_media":5830,"comment_status":"closed","ping_status":"closed","sticky":false,"template":"","format":"standard","meta":{"footnotes":""},"categories":[80],"tags":[],"class_list":["post-5843","post","type-post","status-publish","format-standard","has-post-thumbnail","hentry","category-nouvelles","category-80","description-off"],"_links":{"self":[{"href":"https:\/\/gestespoctefa.eu\/fr\/wp-json\/wp\/v2\/posts\/5843","targetHints":{"allow":["GET"]}}],"collection":[{"href":"https:\/\/gestespoctefa.eu\/fr\/wp-json\/wp\/v2\/posts"}],"about":[{"href":"https:\/\/gestespoctefa.eu\/fr\/wp-json\/wp\/v2\/types\/post"}],"author":[{"embeddable":true,"href":"https:\/\/gestespoctefa.eu\/fr\/wp-json\/wp\/v2\/users\/10"}],"replies":[{"embeddable":true,"href":"https:\/\/gestespoctefa.eu\/fr\/wp-json\/wp\/v2\/comments?post=5843"}],"version-history":[{"count":4,"href":"https:\/\/gestespoctefa.eu\/fr\/wp-json\/wp\/v2\/posts\/5843\/revisions"}],"predecessor-version":[{"id":5854,"href":"https:\/\/gestespoctefa.eu\/fr\/wp-json\/wp\/v2\/posts\/5843\/revisions\/5854"}],"wp:featuredmedia":[{"embeddable":true,"href":"https:\/\/gestespoctefa.eu\/fr\/wp-json\/wp\/v2\/media\/5830"}],"wp:attachment":[{"href":"https:\/\/gestespoctefa.eu\/fr\/wp-json\/wp\/v2\/media?parent=5843"}],"wp:term":[{"taxonomy":"category","embeddable":true,"href":"https:\/\/gestespoctefa.eu\/fr\/wp-json\/wp\/v2\/categories?post=5843"},{"taxonomy":"post_tag","embeddable":true,"href":"https:\/\/gestespoctefa.eu\/fr\/wp-json\/wp\/v2\/tags?post=5843"}],"curies":[{"name":"wp","href":"https:\/\/api.w.org\/{rel}","templated":true}]}}