{"id":6417,"date":"2026-09-04T10:11:34","date_gmt":"2026-09-04T08:11:34","guid":{"rendered":"https:\/\/gestespoctefa.eu\/?p=6417"},"modified":"2026-09-04T10:17:29","modified_gmt":"2026-09-04T08:17:29","slug":"gestes-presente-au-japon-les-recherches-sur-les-plantes-aromatiques-et-medicinales","status":"publish","type":"post","link":"https:\/\/gestespoctefa.eu\/fr\/gestes-presente-au-japon-les-recherches-sur-les-plantes-aromatiques-et-medicinales\/","title":{"rendered":"GESTES pr\u00e9sente au Japon les recherches sur les plantes aromatiques et m\u00e9dicinales"},"content":{"rendered":"<p>La chercheuse du D\u00e9partement de science v\u00e9g\u00e9tale du CITA, Juliana Navarro, a particip\u00e9, du 23 au 28 ao\u00fbt, au XXXIIe Congr\u00e8s international d\u2019horticulture (<a href=\"https:\/\/www.ihc2026.org\/\" target=\"_blank\" rel=\"noopener\">IHC2026<\/a>), qui s\u2019est tenu \u00e0 Kyoto (Japon).<\/p>\n<p>Sous le th\u00e8me \u00ab Explorer la diversit\u00e9 de l\u2019horticulture \u00bb, cette rencontre a r\u00e9uni des experts de diff\u00e9rentes universit\u00e9s et centres de recherche du monde entier afin de partager les derni\u00e8res d\u00e9couvertes et d\u2019\u00e9changer leurs exp\u00e9riences dans ce domaine.<\/p>\n<p>Au cours du congr\u00e8s, Juliana Navarro a pr\u00e9sent\u00e9 la communication orale intitul\u00e9e <a href=\"https:\/\/gestespoctefa.eu\/wp-content\/uploads\/2025\/08\/e4.1.-Rapport-ecosysteme-commercial-plantes-sauvages-GESTES.pdf\" target=\"_blank\" rel=\"noopener\">\u00ab Circuits commerciaux et cha\u00eenes de valeur des esp\u00e8ces v\u00e9g\u00e9tales r\u00e9colt\u00e9es \u00e0 l\u2019\u00e9tat sauvage en Espagne et en France : implications pour la gestion durable et la conservation \u00bb<\/a>, qui s\u2019inscrit dans le cadre du projet GESTES POCTEFA Interreg.<\/p>\n<p>Ce travail, r\u00e9alis\u00e9 avec la contribution de l\u2019ensemble des partenaires, d\u00e9crit les cha\u00eenes de valeur des principales esp\u00e8ces de plantes aromatiques et m\u00e9dicinales (PAM) r\u00e9colt\u00e9es en Espagne et en France, l\u2019identification des diff\u00e9rents acteurs ainsi que l\u2019importance \u00e9conomique de l\u2019activit\u00e9 pour chaque type de circuit (alimentaire, m\u00e9dicinal et v\u00e9g\u00e9tal ornemental).<\/p>\n<p>Par ailleurs, la chercheuse a pr\u00e9sent\u00e9 aux participants les principales actions actuellement men\u00e9es dans le cadre du projet, ainsi que son site web, o\u00f9 ils peuvent consulter les derni\u00e8res actualit\u00e9s.<\/p>\n\n\t\t\t<style type='text\/css'>\n\t\t\t\t#gallery-1 {\n\t\t\t\t\tmargin: auto;\n\t\t\t\t}\n\t\t\t\t#gallery-1 .gallery-item {\n\t\t\t\t\tfloat: left;\n\t\t\t\t\tmargin-top: 10px;\n\t\t\t\t\ttext-align: center;\n\t\t\t\t\twidth: 100%;\n\t\t\t\t}\n\t\t\t\t#gallery-1 img {\n\t\t\t\t\tborder: 2px solid #cfcfcf;\n\t\t\t\t}\n\t\t\t\t#gallery-1 .gallery-caption {\n\t\t\t\t\tmargin-left: 0;\n\t\t\t\t}\n\t\t\t\t\/* see gallery_shortcode() in wp-includes\/media.php *\/\n\t\t\t<\/style>\n\t\t<div id='gallery-1' class='dt-gallery-container gallery galleryid-6417 gallery-columns-1 gallery-size-large'><dl class='gallery-item'>\n\t\t\t\t<dt class='gallery-icon landscape'>\n\t\t\t\t\t<a class=\"rollover rollover-zoom dt-pswp-item\" title=\"GESTES au XXXIIe Congr\u00e8s international d&#039;horticulture au Japon\" data-dt-img-description=\"\" data-large_image_width=\"1600\" data-large_image_height=\"1200\"href='https:\/\/gestespoctefa.eu\/wp-content\/uploads\/2026\/09\/GESTES-en-XXXII-Congreso-Internacional-de-Horticultura-en-Japon-1.jpeg'><img loading=\"lazy\" decoding=\"async\" width=\"1024\" height=\"768\" src=\"https:\/\/gestespoctefa.eu\/wp-content\/uploads\/2026\/09\/GESTES-en-XXXII-Congreso-Internacional-de-Horticultura-en-Japon-1-1024x768.jpeg\" class=\"attachment-large size-large\" alt=\"\" srcset=\"https:\/\/gestespoctefa.eu\/wp-content\/uploads\/2026\/09\/GESTES-en-XXXII-Congreso-Internacional-de-Horticultura-en-Japon-1-1024x768.jpeg 1024w, https:\/\/gestespoctefa.eu\/wp-content\/uploads\/2026\/09\/GESTES-en-XXXII-Congreso-Internacional-de-Horticultura-en-Japon-1-300x225.jpeg 300w, https:\/\/gestespoctefa.eu\/wp-content\/uploads\/2026\/09\/GESTES-en-XXXII-Congreso-Internacional-de-Horticultura-en-Japon-1-768x576.jpeg 768w, https:\/\/gestespoctefa.eu\/wp-content\/uploads\/2026\/09\/GESTES-en-XXXII-Congreso-Internacional-de-Horticultura-en-Japon-1-1536x1152.jpeg 1536w, https:\/\/gestespoctefa.eu\/wp-content\/uploads\/2026\/09\/GESTES-en-XXXII-Congreso-Internacional-de-Horticultura-en-Japon-1.jpeg 1600w\" sizes=\"auto, (max-width: 1024px) 100vw, 1024px\" \/><\/a>\n\t\t\t\t<\/dt><\/dl><br style=\"clear: both\" \/>\n\t\t\t<\/div>\n\n","protected":false},"excerpt":{"rendered":"<p>La chercheuse du D\u00e9partement de science v\u00e9g\u00e9tale du CITA, Juliana Navarro, a particip\u00e9, du 23 au 28 ao\u00fbt, au XXXIIe Congr\u00e8s international d\u2019horticulture (IHC2026), qui s\u2019est tenu \u00e0 Kyoto (Japon). Sous le th\u00e8me \u00ab Explorer la diversit\u00e9 de l\u2019horticulture \u00bb, cette rencontre a r\u00e9uni des experts de diff\u00e9rentes universit\u00e9s et centres de recherche du monde&hellip;<\/p>\n","protected":false},"author":10,"featured_media":6412,"comment_status":"closed","ping_status":"closed","sticky":false,"template":"","format":"standard","meta":{"footnotes":""},"categories":[80],"tags":[],"class_list":["post-6417","post","type-post","status-publish","format-standard","has-post-thumbnail","hentry","category-nouvelles","category-80","description-off"],"_links":{"self":[{"href":"https:\/\/gestespoctefa.eu\/fr\/wp-json\/wp\/v2\/posts\/6417","targetHints":{"allow":["GET"]}}],"collection":[{"href":"https:\/\/gestespoctefa.eu\/fr\/wp-json\/wp\/v2\/posts"}],"about":[{"href":"https:\/\/gestespoctefa.eu\/fr\/wp-json\/wp\/v2\/types\/post"}],"author":[{"embeddable":true,"href":"https:\/\/gestespoctefa.eu\/fr\/wp-json\/wp\/v2\/users\/10"}],"replies":[{"embeddable":true,"href":"https:\/\/gestespoctefa.eu\/fr\/wp-json\/wp\/v2\/comments?post=6417"}],"version-history":[{"count":2,"href":"https:\/\/gestespoctefa.eu\/fr\/wp-json\/wp\/v2\/posts\/6417\/revisions"}],"predecessor-version":[{"id":6422,"href":"https:\/\/gestespoctefa.eu\/fr\/wp-json\/wp\/v2\/posts\/6417\/revisions\/6422"}],"wp:featuredmedia":[{"embeddable":true,"href":"https:\/\/gestespoctefa.eu\/fr\/wp-json\/wp\/v2\/media\/6412"}],"wp:attachment":[{"href":"https:\/\/gestespoctefa.eu\/fr\/wp-json\/wp\/v2\/media?parent=6417"}],"wp:term":[{"taxonomy":"category","embeddable":true,"href":"https:\/\/gestespoctefa.eu\/fr\/wp-json\/wp\/v2\/categories?post=6417"},{"taxonomy":"post_tag","embeddable":true,"href":"https:\/\/gestespoctefa.eu\/fr\/wp-json\/wp\/v2\/tags?post=6417"}],"curies":[{"name":"wp","href":"https:\/\/api.w.org\/{rel}","templated":true}]}}